{"id":2071,"date":"2019-01-13T17:50:59","date_gmt":"2019-01-13T16:50:59","guid":{"rendered":"https:\/\/the-7th-day.de\/blog\/?p=2071"},"modified":"2025-08-26T00:12:07","modified_gmt":"2025-08-25T22:12:07","slug":"entdeckung-der-langsamkeit","status":"publish","type":"post","link":"https:\/\/the-7th-day.de\/blog\/entdeckung-der-langsamkeit\/","title":{"rendered":"Camera obscura in Freiburg"},"content":{"rendered":"\n<h3 class=\"wp-block-heading\">Mit Zeit sehen lernen<\/h3>\n\n\n\n<p>Im Freiburger Stadtteil St\u00fchlinger wurde ein besonderes Mitmachprojekt rund um die Camera obscura angesto\u00dfen: Bewohnerinnen und Bewohner bekommen eine einfache Lochkamera, lassen sie mehrere Tage belichten und zeigen ihren Stadtteil als Bild aus Zeit. Die Badische Zeitung k\u00fcndigte die Aktion damals f\u00fcr einen Samstag an \u2013 Anlass genug, das Projekt vorzustellen und einzuordnen. (<a href=\"https:\/\/www.badische-zeitung.de\/archiv\/2019\/01\/07?utm_source=chatgpt.com\">Badische Zeitung<\/a>)<\/p>\n\n\n\n<figure class=\"wp-block-image size-large\"><img loading=\"lazy\" decoding=\"async\" width=\"1400\" height=\"980\" src=\"https:\/\/the-7th-day.de\/blog\/wp-content\/uploads\/2019\/01\/No_freiburg_03_text-1400x980.jpg\" alt=\"\" class=\"wp-image-3824\" srcset=\"https:\/\/the-7th-day.de\/blog\/wp-content\/uploads\/2019\/01\/No_freiburg_03_text-1400x980.jpg 1400w, https:\/\/the-7th-day.de\/blog\/wp-content\/uploads\/2019\/01\/No_freiburg_03_text-300x210.jpg 300w, https:\/\/the-7th-day.de\/blog\/wp-content\/uploads\/2019\/01\/No_freiburg_03_text-768x538.jpg 768w, https:\/\/the-7th-day.de\/blog\/wp-content\/uploads\/2019\/01\/No_freiburg_03_text-1536x1075.jpg 1536w, https:\/\/the-7th-day.de\/blog\/wp-content\/uploads\/2019\/01\/No_freiburg_03_text-scaled.jpg 2048w, https:\/\/the-7th-day.de\/blog\/wp-content\/uploads\/2019\/01\/No_freiburg_03_text-510x357.jpg 510w\" sizes=\"auto, (max-width: 1400px) 100vw, 1400px\" \/><\/figure>\n\n\n\n<h4 class=\"wp-block-heading\">Idee und Ablauf<\/h4>\n\n\n\n<p>Die Grundidee ist radikal einfach: Eine lichtdichte Dose mit winzigem Loch, darin Fotopapier. Die Kamera wird fest montiert, die Belichtung l\u00e4uft nicht in Sekunden, sondern \u00fcber Tage. F\u00fcr den St\u00fchlinger wurden rund f\u00fcnfzig solcher Kameras an Interessierte ausgegeben, die sie an markanten Orten befestigten. Nach sieben bis vierzehn Tagen gingen die Papiere zur\u00fcck in die Galerie, wurden digitalisiert und als gemeinsames Bildarchiv des Viertels sichtbar gemacht.<\/p>\n\n\n\n<h4 class=\"wp-block-heading\">Wer dahinter steht<\/h4>\n\n\n\n<p>Initiator auf Stadtteilebene ist der Freiburger Galerist Peter Kammerer. Das Projekt kn\u00fcpft an die k\u00fcnstlerische Arbeit von Przemek Zajfert an, der seit Jahren kollektive Camera obscura Projekte realisiert und Menschen dazu einl\u00e4dt, mit Zeit und Licht zu fotografieren. (<a href=\"https:\/\/kammererpeter.de\/data\/documents\/Camera-Obscura-Projekt-2019.pdf?utm_source=chatgpt.com\">kammererpeter.de<\/a>,&nbsp;<a href=\"https:\/\/zajfert.de\/en\/camera-obscura-en\/?utm_source=chatgpt.com\">Przemek Zajfert<\/a>)<\/p>\n\n\n\n<figure class=\"wp-block-gallery has-nested-images columns-default is-cropped wp-block-gallery-1 is-layout-flex wp-block-gallery-is-layout-flex\">\n<figure class=\"wp-block-image size-large\"><img loading=\"lazy\" decoding=\"async\" width=\"1139\" height=\"1200\" data-id=\"3825\" src=\"https:\/\/the-7th-day.de\/blog\/wp-content\/uploads\/2019\/01\/No_freiburg_84-1139x1200.jpg\" alt=\"\" class=\"wp-image-3825\" srcset=\"https:\/\/the-7th-day.de\/blog\/wp-content\/uploads\/2019\/01\/No_freiburg_84-1139x1200.jpg 1139w, https:\/\/the-7th-day.de\/blog\/wp-content\/uploads\/2019\/01\/No_freiburg_84-285x300.jpg 285w, https:\/\/the-7th-day.de\/blog\/wp-content\/uploads\/2019\/01\/No_freiburg_84-768x809.jpg 768w, https:\/\/the-7th-day.de\/blog\/wp-content\/uploads\/2019\/01\/No_freiburg_84-1457x1536.jpg 1457w, https:\/\/the-7th-day.de\/blog\/wp-content\/uploads\/2019\/01\/No_freiburg_84.jpg 1943w, https:\/\/the-7th-day.de\/blog\/wp-content\/uploads\/2019\/01\/No_freiburg_84-510x538.jpg 510w\" sizes=\"auto, (max-width: 1139px) 100vw, 1139px\" \/><\/figure>\n\n\n\n<figure class=\"wp-block-image size-large\"><img loading=\"lazy\" decoding=\"async\" width=\"1319\" height=\"1200\" data-id=\"3827\" src=\"https:\/\/the-7th-day.de\/blog\/wp-content\/uploads\/2019\/01\/No_freiburg_88-1319x1200.jpg\" alt=\"\" class=\"wp-image-3827\" srcset=\"https:\/\/the-7th-day.de\/blog\/wp-content\/uploads\/2019\/01\/No_freiburg_88-1319x1200.jpg 1319w, https:\/\/the-7th-day.de\/blog\/wp-content\/uploads\/2019\/01\/No_freiburg_88-300x273.jpg 300w, https:\/\/the-7th-day.de\/blog\/wp-content\/uploads\/2019\/01\/No_freiburg_88-768x698.jpg 768w, https:\/\/the-7th-day.de\/blog\/wp-content\/uploads\/2019\/01\/No_freiburg_88-1536x1397.jpg 1536w, https:\/\/the-7th-day.de\/blog\/wp-content\/uploads\/2019\/01\/No_freiburg_88-scaled.jpg 2048w, https:\/\/the-7th-day.de\/blog\/wp-content\/uploads\/2019\/01\/No_freiburg_88-510x464.jpg 510w\" sizes=\"auto, (max-width: 1319px) 100vw, 1319px\" \/><\/figure>\n\n\n\n<figure class=\"wp-block-image size-large\"><img loading=\"lazy\" decoding=\"async\" width=\"1163\" height=\"1200\" data-id=\"3826\" src=\"https:\/\/the-7th-day.de\/blog\/wp-content\/uploads\/2019\/01\/No_freiburg_101-1163x1200.jpg\" alt=\"\" class=\"wp-image-3826\" srcset=\"https:\/\/the-7th-day.de\/blog\/wp-content\/uploads\/2019\/01\/No_freiburg_101-1163x1200.jpg 1163w, https:\/\/the-7th-day.de\/blog\/wp-content\/uploads\/2019\/01\/No_freiburg_101-291x300.jpg 291w, https:\/\/the-7th-day.de\/blog\/wp-content\/uploads\/2019\/01\/No_freiburg_101-768x793.jpg 768w, https:\/\/the-7th-day.de\/blog\/wp-content\/uploads\/2019\/01\/No_freiburg_101-1489x1536.jpg 1489w, https:\/\/the-7th-day.de\/blog\/wp-content\/uploads\/2019\/01\/No_freiburg_101.jpg 1985w, https:\/\/the-7th-day.de\/blog\/wp-content\/uploads\/2019\/01\/No_freiburg_101-510x526.jpg 510w\" sizes=\"auto, (max-width: 1163px) 100vw, 1163px\" \/><\/figure>\n<\/figure>\n\n\n\n<h2 class=\"wp-block-heading\">Wie eine Camera obscura funktioniert<\/h2>\n\n\n\n<p>Licht aus der Umgebung f\u00e4llt durch eine kleine \u00d6ffnung in einen abgedunkelten Raum oder Kasten und projiziert auf der gegen\u00fcberliegenden Fl\u00e4che ein seitenverkehrtes, auf dem Kopf stehendes Bild. Legt man lichtempfindliches Papier hinein, l\u00e4sst sich diese Projektion als Fotografie festhalten \u2013 bei langen Belichtungen wird Zeit selbst zum Gestaltungsmittel. (<a href=\"https:\/\/de.wikipedia.org\/wiki\/Camera_obscura?utm_source=chatgpt.com\">Wikipedia<\/a>)<\/p>\n\n\n\n<h2 class=\"wp-block-heading\">So lief die Aktion in Freiburg<\/h2>\n\n\n\n<ul class=\"wp-block-list\">\n<li><strong>Ausgabe der Kameras<\/strong>: In der Galerie in der Klarastra\u00dfe holten Teilnehmende ihre Boxen ab, notierten den Standort und befestigten sie wetterfest.<\/li>\n\n\n\n<li><strong>Belichtungsphase<\/strong>: Je nach Jahreszeit belichteten die Kameras zwischen einer und zwei Wochen.<\/li>\n\n\n\n<li><strong>R\u00fcckgabe und Sichtbar machen<\/strong>: Die Papiere wurden eingesammelt, digitalisiert und dem wachsenden Projektarchiv zugeordnet. In Folge zeigten Ausstellungen die Langzeitbilder aus dem St\u00fchlinger.<\/li>\n<\/ul>\n","protected":false},"excerpt":{"rendered":"<p>Mit Zeit sehen lernen Im Freiburger Stadtteil St\u00fchlinger wurde ein besonderes Mitmachprojekt rund um die Camera obscura angesto\u00dfen: Bewohnerinnen und Bewohner bekommen eine einfache Lochkamera, lassen sie mehrere Tage belichten und zeigen ihren Stadtteil als Bild aus Zeit. Die Badische Zeitung k\u00fcndigte die Aktion damals f\u00fcr einen Samstag an \u2013 Anlass genug, das Projekt vorzustellen [&#8230;]\n","protected":false},"author":1,"featured_media":2073,"comment_status":"closed","ping_status":"open","sticky":false,"template":"","format":"standard","meta":{"footnotes":""},"categories":[1],"tags":[],"class_list":["post-2071","post","type-post","status-publish","format-standard","has-post-thumbnail","hentry","category-allgemein"],"yoast_head":"<!-- This site is optimized with the Yoast SEO plugin v25.7 - https:\/\/yoast.com\/wordpress\/plugins\/seo\/ -->\n<title>Camera obscura in Freiburg - The 7th Day<\/title>\n<meta name=\"description\" content=\"Kunstprojekt in Freiburg. Die Camera obscura zeigt, wie Langzeitbelichtung den Stadtteil als poetisches Bild aus Licht, Wetter und Bewegung offenbart.\" \/>\n<meta name=\"robots\" content=\"index, follow, max-snippet:-1, max-image-preview:large, max-video-preview:-1\" \/>\n<link rel=\"canonical\" href=\"https:\/\/the-7th-day.de\/blog\/entdeckung-der-langsamkeit\/\" \/>\n<meta property=\"og:locale\" content=\"de_DE\" \/>\n<meta property=\"og:type\" content=\"article\" \/>\n<meta property=\"og:title\" content=\"Camera obscura in Freiburg - The 7th Day\" \/>\n<meta property=\"og:description\" content=\"Kunstprojekt in Freiburg. Die Camera obscura zeigt, wie Langzeitbelichtung den Stadtteil als poetisches Bild aus Licht, Wetter und Bewegung offenbart.\" \/>\n<meta property=\"og:url\" content=\"https:\/\/the-7th-day.de\/blog\/entdeckung-der-langsamkeit\/\" \/>\n<meta property=\"og:site_name\" content=\"The 7th Day\" \/>\n<meta property=\"article:publisher\" content=\"https:\/\/www.facebook.com\/the7tday\" \/>\n<meta property=\"article:published_time\" content=\"2019-01-13T16:50:59+00:00\" \/>\n<meta property=\"article:modified_time\" content=\"2025-08-25T22:12:07+00:00\" \/>\n<meta property=\"og:image\" content=\"https:\/\/the-7th-day.de\/blog\/wp-content\/uploads\/2019\/01\/20140512192507-3ea043c2-me.jpg\" \/>\n\t<meta property=\"og:image:width\" content=\"528\" \/>\n\t<meta property=\"og:image:height\" content=\"594\" \/>\n\t<meta property=\"og:image:type\" content=\"image\/jpeg\" \/>\n<meta name=\"author\" content=\"Patrick Zajfert\" \/>\n<meta name=\"twitter:card\" content=\"summary_large_image\" \/>\n<meta name=\"twitter:label1\" content=\"Verfasst von\" \/>\n\t<meta name=\"twitter:data1\" content=\"Patrick Zajfert\" \/>\n\t<meta name=\"twitter:label2\" content=\"Gesch\u00e4tzte Lesezeit\" \/>\n\t<meta name=\"twitter:data2\" content=\"3\u00a0Minuten\" \/>\n<script type=\"application\/ld+json\" class=\"yoast-schema-graph\">{\"@context\":\"https:\/\/schema.org\",\"@graph\":[{\"@type\":\"Article\",\"@id\":\"https:\/\/the-7th-day.de\/blog\/entdeckung-der-langsamkeit\/#article\",\"isPartOf\":{\"@id\":\"https:\/\/the-7th-day.de\/blog\/entdeckung-der-langsamkeit\/\"},\"author\":{\"name\":\"Patrick Zajfert\",\"@id\":\"https:\/\/the-7th-day.de\/blog\/#\/schema\/person\/4b7ae4fc558a13ab330ab9aea92ae9a9\"},\"headline\":\"Camera obscura in Freiburg\",\"datePublished\":\"2019-01-13T16:50:59+00:00\",\"dateModified\":\"2025-08-25T22:12:07+00:00\",\"mainEntityOfPage\":{\"@id\":\"https:\/\/the-7th-day.de\/blog\/entdeckung-der-langsamkeit\/\"},\"wordCount\":312,\"publisher\":{\"@id\":\"https:\/\/the-7th-day.de\/blog\/#organization\"},\"image\":{\"@id\":\"https:\/\/the-7th-day.de\/blog\/entdeckung-der-langsamkeit\/#primaryimage\"},\"thumbnailUrl\":\"https:\/\/the-7th-day.de\/blog\/wp-content\/uploads\/2019\/01\/20140512192507-3ea043c2-me.jpg\",\"inLanguage\":\"de\"},{\"@type\":\"WebPage\",\"@id\":\"https:\/\/the-7th-day.de\/blog\/entdeckung-der-langsamkeit\/\",\"url\":\"https:\/\/the-7th-day.de\/blog\/entdeckung-der-langsamkeit\/\",\"name\":\"Camera obscura in Freiburg - The 7th Day\",\"isPartOf\":{\"@id\":\"https:\/\/the-7th-day.de\/blog\/#website\"},\"primaryImageOfPage\":{\"@id\":\"https:\/\/the-7th-day.de\/blog\/entdeckung-der-langsamkeit\/#primaryimage\"},\"image\":{\"@id\":\"https:\/\/the-7th-day.de\/blog\/entdeckung-der-langsamkeit\/#primaryimage\"},\"thumbnailUrl\":\"https:\/\/the-7th-day.de\/blog\/wp-content\/uploads\/2019\/01\/20140512192507-3ea043c2-me.jpg\",\"datePublished\":\"2019-01-13T16:50:59+00:00\",\"dateModified\":\"2025-08-25T22:12:07+00:00\",\"description\":\"Kunstprojekt in Freiburg. Die Camera obscura zeigt, wie Langzeitbelichtung den Stadtteil als poetisches Bild aus Licht, Wetter und Bewegung offenbart.\",\"breadcrumb\":{\"@id\":\"https:\/\/the-7th-day.de\/blog\/entdeckung-der-langsamkeit\/#breadcrumb\"},\"inLanguage\":\"de\",\"potentialAction\":[{\"@type\":\"ReadAction\",\"target\":[\"https:\/\/the-7th-day.de\/blog\/entdeckung-der-langsamkeit\/\"]}]},{\"@type\":\"ImageObject\",\"inLanguage\":\"de\",\"@id\":\"https:\/\/the-7th-day.de\/blog\/entdeckung-der-langsamkeit\/#primaryimage\",\"url\":\"https:\/\/the-7th-day.de\/blog\/wp-content\/uploads\/2019\/01\/20140512192507-3ea043c2-me.jpg\",\"contentUrl\":\"https:\/\/the-7th-day.de\/blog\/wp-content\/uploads\/2019\/01\/20140512192507-3ea043c2-me.jpg\",\"width\":528,\"height\":594},{\"@type\":\"BreadcrumbList\",\"@id\":\"https:\/\/the-7th-day.de\/blog\/entdeckung-der-langsamkeit\/#breadcrumb\",\"itemListElement\":[{\"@type\":\"ListItem\",\"position\":1,\"name\":\"Front Page\",\"item\":\"https:\/\/the-7th-day.de\/blog\/\"},{\"@type\":\"ListItem\",\"position\":2,\"name\":\"Camera obscura in Freiburg\"}]},{\"@type\":\"WebSite\",\"@id\":\"https:\/\/the-7th-day.de\/blog\/#website\",\"url\":\"https:\/\/the-7th-day.de\/blog\/\",\"name\":\"The 7th Day\",\"description\":\"\",\"publisher\":{\"@id\":\"https:\/\/the-7th-day.de\/blog\/#organization\"},\"potentialAction\":[{\"@type\":\"SearchAction\",\"target\":{\"@type\":\"EntryPoint\",\"urlTemplate\":\"https:\/\/the-7th-day.de\/blog\/?s={search_term_string}\"},\"query-input\":{\"@type\":\"PropertyValueSpecification\",\"valueRequired\":true,\"valueName\":\"search_term_string\"}}],\"inLanguage\":\"de\"},{\"@type\":\"Organization\",\"@id\":\"https:\/\/the-7th-day.de\/blog\/#organization\",\"name\":\"The 7th Day\",\"url\":\"https:\/\/the-7th-day.de\/blog\/\",\"logo\":{\"@type\":\"ImageObject\",\"inLanguage\":\"de\",\"@id\":\"https:\/\/the-7th-day.de\/blog\/#\/schema\/logo\/image\/\",\"url\":\"https:\/\/the-7th-day.de\/blog\/wp-content\/uploads\/2025\/07\/7th-Day-logo-scaled.webp\",\"contentUrl\":\"https:\/\/the-7th-day.de\/blog\/wp-content\/uploads\/2025\/07\/7th-Day-logo-scaled.webp\",\"width\":2048,\"height\":506,\"caption\":\"The 7th Day\"},\"image\":{\"@id\":\"https:\/\/the-7th-day.de\/blog\/#\/schema\/logo\/image\/\"},\"sameAs\":[\"https:\/\/www.facebook.com\/the7tday\",\"https:\/\/www.instagram.com\/the7thday\/\",\"https:\/\/de.pinterest.com\/the7thdayGE\/\"]},{\"@type\":\"Person\",\"@id\":\"https:\/\/the-7th-day.de\/blog\/#\/schema\/person\/4b7ae4fc558a13ab330ab9aea92ae9a9\",\"name\":\"Patrick Zajfert\",\"image\":{\"@type\":\"ImageObject\",\"inLanguage\":\"de\",\"@id\":\"https:\/\/the-7th-day.de\/blog\/#\/schema\/person\/image\/\",\"url\":\"https:\/\/secure.gravatar.com\/avatar\/cb6e3434974f3c50d44f42b6facfba0c37e4e274d88e8285933eb653423a5b2f?s=96&d=mm&r=g\",\"contentUrl\":\"https:\/\/secure.gravatar.com\/avatar\/cb6e3434974f3c50d44f42b6facfba0c37e4e274d88e8285933eb653423a5b2f?s=96&d=mm&r=g\",\"caption\":\"Patrick Zajfert\"},\"url\":\"https:\/\/the-7th-day.de\/blog\/author\/master\/\"}]}<\/script>\n<!-- \/ Yoast SEO plugin. -->","yoast_head_json":{"title":"Camera obscura in Freiburg - The 7th Day","description":"Kunstprojekt in Freiburg. Die Camera obscura zeigt, wie Langzeitbelichtung den Stadtteil als poetisches Bild aus Licht, Wetter und Bewegung offenbart.","robots":{"index":"index","follow":"follow","max-snippet":"max-snippet:-1","max-image-preview":"max-image-preview:large","max-video-preview":"max-video-preview:-1"},"canonical":"https:\/\/the-7th-day.de\/blog\/entdeckung-der-langsamkeit\/","og_locale":"de_DE","og_type":"article","og_title":"Camera obscura in Freiburg - The 7th Day","og_description":"Kunstprojekt in Freiburg. Die Camera obscura zeigt, wie Langzeitbelichtung den Stadtteil als poetisches Bild aus Licht, Wetter und Bewegung offenbart.","og_url":"https:\/\/the-7th-day.de\/blog\/entdeckung-der-langsamkeit\/","og_site_name":"The 7th Day","article_publisher":"https:\/\/www.facebook.com\/the7tday","article_published_time":"2019-01-13T16:50:59+00:00","article_modified_time":"2025-08-25T22:12:07+00:00","og_image":[{"width":528,"height":594,"url":"https:\/\/the-7th-day.de\/blog\/wp-content\/uploads\/2019\/01\/20140512192507-3ea043c2-me.jpg","type":"image\/jpeg"}],"author":"Patrick Zajfert","twitter_card":"summary_large_image","twitter_misc":{"Verfasst von":"Patrick Zajfert","Gesch\u00e4tzte Lesezeit":"3\u00a0Minuten"},"schema":{"@context":"https:\/\/schema.org","@graph":[{"@type":"Article","@id":"https:\/\/the-7th-day.de\/blog\/entdeckung-der-langsamkeit\/#article","isPartOf":{"@id":"https:\/\/the-7th-day.de\/blog\/entdeckung-der-langsamkeit\/"},"author":{"name":"Patrick Zajfert","@id":"https:\/\/the-7th-day.de\/blog\/#\/schema\/person\/4b7ae4fc558a13ab330ab9aea92ae9a9"},"headline":"Camera obscura in Freiburg","datePublished":"2019-01-13T16:50:59+00:00","dateModified":"2025-08-25T22:12:07+00:00","mainEntityOfPage":{"@id":"https:\/\/the-7th-day.de\/blog\/entdeckung-der-langsamkeit\/"},"wordCount":312,"publisher":{"@id":"https:\/\/the-7th-day.de\/blog\/#organization"},"image":{"@id":"https:\/\/the-7th-day.de\/blog\/entdeckung-der-langsamkeit\/#primaryimage"},"thumbnailUrl":"https:\/\/the-7th-day.de\/blog\/wp-content\/uploads\/2019\/01\/20140512192507-3ea043c2-me.jpg","inLanguage":"de"},{"@type":"WebPage","@id":"https:\/\/the-7th-day.de\/blog\/entdeckung-der-langsamkeit\/","url":"https:\/\/the-7th-day.de\/blog\/entdeckung-der-langsamkeit\/","name":"Camera obscura in Freiburg - The 7th Day","isPartOf":{"@id":"https:\/\/the-7th-day.de\/blog\/#website"},"primaryImageOfPage":{"@id":"https:\/\/the-7th-day.de\/blog\/entdeckung-der-langsamkeit\/#primaryimage"},"image":{"@id":"https:\/\/the-7th-day.de\/blog\/entdeckung-der-langsamkeit\/#primaryimage"},"thumbnailUrl":"https:\/\/the-7th-day.de\/blog\/wp-content\/uploads\/2019\/01\/20140512192507-3ea043c2-me.jpg","datePublished":"2019-01-13T16:50:59+00:00","dateModified":"2025-08-25T22:12:07+00:00","description":"Kunstprojekt in Freiburg. Die Camera obscura zeigt, wie Langzeitbelichtung den Stadtteil als poetisches Bild aus Licht, Wetter und Bewegung offenbart.","breadcrumb":{"@id":"https:\/\/the-7th-day.de\/blog\/entdeckung-der-langsamkeit\/#breadcrumb"},"inLanguage":"de","potentialAction":[{"@type":"ReadAction","target":["https:\/\/the-7th-day.de\/blog\/entdeckung-der-langsamkeit\/"]}]},{"@type":"ImageObject","inLanguage":"de","@id":"https:\/\/the-7th-day.de\/blog\/entdeckung-der-langsamkeit\/#primaryimage","url":"https:\/\/the-7th-day.de\/blog\/wp-content\/uploads\/2019\/01\/20140512192507-3ea043c2-me.jpg","contentUrl":"https:\/\/the-7th-day.de\/blog\/wp-content\/uploads\/2019\/01\/20140512192507-3ea043c2-me.jpg","width":528,"height":594},{"@type":"BreadcrumbList","@id":"https:\/\/the-7th-day.de\/blog\/entdeckung-der-langsamkeit\/#breadcrumb","itemListElement":[{"@type":"ListItem","position":1,"name":"Front Page","item":"https:\/\/the-7th-day.de\/blog\/"},{"@type":"ListItem","position":2,"name":"Camera obscura in Freiburg"}]},{"@type":"WebSite","@id":"https:\/\/the-7th-day.de\/blog\/#website","url":"https:\/\/the-7th-day.de\/blog\/","name":"The 7th Day","description":"","publisher":{"@id":"https:\/\/the-7th-day.de\/blog\/#organization"},"potentialAction":[{"@type":"SearchAction","target":{"@type":"EntryPoint","urlTemplate":"https:\/\/the-7th-day.de\/blog\/?s={search_term_string}"},"query-input":{"@type":"PropertyValueSpecification","valueRequired":true,"valueName":"search_term_string"}}],"inLanguage":"de"},{"@type":"Organization","@id":"https:\/\/the-7th-day.de\/blog\/#organization","name":"The 7th Day","url":"https:\/\/the-7th-day.de\/blog\/","logo":{"@type":"ImageObject","inLanguage":"de","@id":"https:\/\/the-7th-day.de\/blog\/#\/schema\/logo\/image\/","url":"https:\/\/the-7th-day.de\/blog\/wp-content\/uploads\/2025\/07\/7th-Day-logo-scaled.webp","contentUrl":"https:\/\/the-7th-day.de\/blog\/wp-content\/uploads\/2025\/07\/7th-Day-logo-scaled.webp","width":2048,"height":506,"caption":"The 7th Day"},"image":{"@id":"https:\/\/the-7th-day.de\/blog\/#\/schema\/logo\/image\/"},"sameAs":["https:\/\/www.facebook.com\/the7tday","https:\/\/www.instagram.com\/the7thday\/","https:\/\/de.pinterest.com\/the7thdayGE\/"]},{"@type":"Person","@id":"https:\/\/the-7th-day.de\/blog\/#\/schema\/person\/4b7ae4fc558a13ab330ab9aea92ae9a9","name":"Patrick Zajfert","image":{"@type":"ImageObject","inLanguage":"de","@id":"https:\/\/the-7th-day.de\/blog\/#\/schema\/person\/image\/","url":"https:\/\/secure.gravatar.com\/avatar\/cb6e3434974f3c50d44f42b6facfba0c37e4e274d88e8285933eb653423a5b2f?s=96&d=mm&r=g","contentUrl":"https:\/\/secure.gravatar.com\/avatar\/cb6e3434974f3c50d44f42b6facfba0c37e4e274d88e8285933eb653423a5b2f?s=96&d=mm&r=g","caption":"Patrick Zajfert"},"url":"https:\/\/the-7th-day.de\/blog\/author\/master\/"}]}},"_links":{"self":[{"href":"https:\/\/the-7th-day.de\/blog\/wp-json\/wp\/v2\/posts\/2071","targetHints":{"allow":["GET"]}}],"collection":[{"href":"https:\/\/the-7th-day.de\/blog\/wp-json\/wp\/v2\/posts"}],"about":[{"href":"https:\/\/the-7th-day.de\/blog\/wp-json\/wp\/v2\/types\/post"}],"author":[{"embeddable":true,"href":"https:\/\/the-7th-day.de\/blog\/wp-json\/wp\/v2\/users\/1"}],"replies":[{"embeddable":true,"href":"https:\/\/the-7th-day.de\/blog\/wp-json\/wp\/v2\/comments?post=2071"}],"version-history":[{"count":2,"href":"https:\/\/the-7th-day.de\/blog\/wp-json\/wp\/v2\/posts\/2071\/revisions"}],"predecessor-version":[{"id":3828,"href":"https:\/\/the-7th-day.de\/blog\/wp-json\/wp\/v2\/posts\/2071\/revisions\/3828"}],"wp:featuredmedia":[{"embeddable":true,"href":"https:\/\/the-7th-day.de\/blog\/wp-json\/wp\/v2\/media\/2073"}],"wp:attachment":[{"href":"https:\/\/the-7th-day.de\/blog\/wp-json\/wp\/v2\/media?parent=2071"}],"wp:term":[{"taxonomy":"category","embeddable":true,"href":"https:\/\/the-7th-day.de\/blog\/wp-json\/wp\/v2\/categories?post=2071"},{"taxonomy":"post_tag","embeddable":true,"href":"https:\/\/the-7th-day.de\/blog\/wp-json\/wp\/v2\/tags?post=2071"}],"curies":[{"name":"wp","href":"https:\/\/api.w.org\/{rel}","templated":true}]}}