{"id":1798,"date":"2018-01-29T15:38:36","date_gmt":"2018-01-29T14:38:36","guid":{"rendered":"https:\/\/the-7th-day.de\/blog\/?p=1798"},"modified":"2020-03-04T11:06:39","modified_gmt":"2020-03-04T10:06:39","slug":"hinter-jedem-bild-steckt-eine-geschichte","status":"publish","type":"post","link":"https:\/\/the-7th-day.de\/blog\/hinter-jedem-bild-steckt-eine-geschichte\/","title":{"rendered":"Hinter jedem Bild steckt eine Geschichte"},"content":{"rendered":"<p>&#8222;Das k\u00f6nnte dir gefallen&#8220;, meinte Roland vor etwa einem Jahr und dr\u00fcckte mir eine Visitenkarte in die Hand. Darauf stand so etwas wie &#8222;Fotoprojekt&#8220; und irgendwas mit &#8222;Der siebte Tag&#8220;.<\/p>\n<p>Interessanten Tipps kann ich nur selten widerstehen, also ab ins Internet und nachgucken.<br \/>\nBeim Projekt von Przemek Zajfert geht ums\u00a0Fotografieren mit einer Lochkamera, analog auf Film. Ein Blick in die Galerie verr\u00e4t: Das Ergebnis wird unscharf, bunt und anders als alles, was man bis dato aus einer Kamera heraus bekommen hat.<\/p>\n<p>In Ordnung, dachte ich, und bestellte mir zwei Filmdosen \u00e0 10 EUR. Das ist ein fairer Preis daf\u00fcr, dass ich das Negativ nicht selbst in eine Dose frickeln, exakt platzieren und ein Loch in der richtigen Gr\u00f6\u00dfe reinbohren muss. F\u00fcr sowas habe ich zwei linke H\u00e4nde und bin viel zu ungeduldig. Entwickeln und Einscannen musste ich den Film auch nicht &#8211; wunderbar. Die Filmdosen kamen postwendend, aber sie erschienen mir so wichtig und wertvoll, dass ich sie erst mal 11 Monate lang herum liegen lie\u00df&#8230;<\/p>\n<div id='gallery-1' class='gallery galleryid-1798 gallery-columns-2 gallery-size-thumbnail'><figure class='gallery-item'>\n\t\t\t<div class='gallery-icon landscape'>\n\t\t\t\t<a href='https:\/\/the-7th-day.de\/blog\/wp-content\/uploads\/2018\/01\/esen.jpg'><img loading=\"lazy\" decoding=\"async\" width=\"300\" height=\"275\" src=\"https:\/\/the-7th-day.de\/blog\/wp-content\/uploads\/2018\/01\/esen.jpg\" class=\"attachment-thumbnail size-thumbnail\" alt=\"No 723 Jacqueline Esen M\u00fcnchen\" aria-describedby=\"gallery-1-1800\" srcset=\"https:\/\/the-7th-day.de\/blog\/wp-content\/uploads\/2018\/01\/esen.jpg 648w, https:\/\/the-7th-day.de\/blog\/wp-content\/uploads\/2018\/01\/esen-510x468.jpg 510w\" sizes=\"auto, (max-width: 300px) 100vw, 300px\" \/><\/a>\n\t\t\t<\/div>\n\t\t\t\t<figcaption class='wp-caption-text gallery-caption' id='gallery-1-1800'>\n\t\t\t\tNo 723 Jacqueline Esen M\u00fcnchen\n\t\t\t\t<\/figcaption><\/figure><figure class='gallery-item'>\n\t\t\t<div class='gallery-icon landscape'>\n\t\t\t\t<a href='https:\/\/the-7th-day.de\/blog\/wp-content\/uploads\/2018\/01\/esen2.jpg'><img loading=\"lazy\" decoding=\"async\" width=\"300\" height=\"300\" src=\"https:\/\/the-7th-day.de\/blog\/wp-content\/uploads\/2018\/01\/esen2-300x300.jpg\" class=\"attachment-thumbnail size-thumbnail\" alt=\"No 724 Jacqueline Esen M\u00fcnchen\" aria-describedby=\"gallery-1-1799\" srcset=\"https:\/\/the-7th-day.de\/blog\/wp-content\/uploads\/2018\/01\/esen2-300x300.jpg 300w, https:\/\/the-7th-day.de\/blog\/wp-content\/uploads\/2018\/01\/esen2-100x100.jpg 100w\" sizes=\"auto, (max-width: 300px) 100vw, 300px\" \/><\/a>\n\t\t\t<\/div>\n\t\t\t\t<figcaption class='wp-caption-text gallery-caption' id='gallery-1-1799'>\n\t\t\t\tNo 724 Jacqueline Esen M\u00fcnchen\n\t\t\t\t<\/figcaption><\/figure>\n\t\t<\/div>\n\n<p>Am Silvesternachmittag 2012 packte es mich dann endlich, ich stieg aufs Dach. Lange hatte ich dar\u00fcber sinniert, wo und wie ich die Dosen befestigen wollte &#8211; noch dazu im Winter bei Schnee. M\u00f6glichst unterschiedliche Bilder sollten es werden, also lie\u00df ich eine Richtung Westen (1), eine Richtung Norden (2) blicken. Ich war neugierig, ob man die Spuren des n\u00e4chtlichen Feuerwerks sehen w\u00fcrde, und ahnte bereits, dass die wacklige Entl\u00fcftungshutze f\u00fcr Motiv 2 zu einer Doppelkontur f\u00fchren k\u00f6nnte. Egal!<\/p>\n<p><strong>Dies ist ein Auszug aus dem Blogeintrag der Teilnehmerin Jacqueline Esen. Lesen Sie\u00a0<a href=\"http:\/\/fotonanny.blogspot.de\/search?q=the+7th+day\">Hier<\/a> weiter.<\/strong><\/p>\n","protected":false},"excerpt":{"rendered":"<p>&#8222;Das k\u00f6nnte dir gefallen&#8220;, meinte Roland vor etwa einem Jahr und dr\u00fcckte mir eine Visitenkarte in die Hand. Darauf stand so etwas wie &#8222;Fotoprojekt&#8220; und irgendwas mit &#8222;Der siebte Tag&#8220;. Interessanten Tipps kann ich nur selten widerstehen, also ab ins Internet und nachgucken. Beim Projekt von Przemek Zajfert geht ums\u00a0Fotografieren mit einer Lochkamera, analog auf [&#8230;]\n","protected":false},"author":1,"featured_media":1799,"comment_status":"closed","ping_status":"open","sticky":false,"template":"","format":"standard","meta":{"footnotes":""},"categories":[114],"tags":[],"class_list":["post-1798","post","type-post","status-publish","format-standard","has-post-thumbnail","hentry","category-der-zufall-entscheidet"],"yoast_head":"<!-- This site is optimized with the Yoast SEO plugin v25.7 - https:\/\/yoast.com\/wordpress\/plugins\/seo\/ -->\n<title>Hinter jedem Bild steckt eine Geschichte - The 7th Day<\/title>\n<meta name=\"robots\" content=\"index, follow, max-snippet:-1, max-image-preview:large, max-video-preview:-1\" \/>\n<link rel=\"canonical\" href=\"https:\/\/the-7th-day.de\/blog\/hinter-jedem-bild-steckt-eine-geschichte\/\" \/>\n<meta property=\"og:locale\" content=\"de_DE\" \/>\n<meta property=\"og:type\" content=\"article\" \/>\n<meta property=\"og:title\" content=\"Hinter jedem Bild steckt eine Geschichte - The 7th Day\" \/>\n<meta property=\"og:description\" content=\"&#8222;Das k\u00f6nnte dir gefallen&#8220;, meinte Roland vor etwa einem Jahr und dr\u00fcckte mir eine Visitenkarte in die Hand. Darauf stand so etwas wie &#8222;Fotoprojekt&#8220; und irgendwas mit &#8222;Der siebte Tag&#8220;. Interessanten Tipps kann ich nur selten widerstehen, also ab ins Internet und nachgucken. Beim Projekt von Przemek Zajfert geht ums\u00a0Fotografieren mit einer Lochkamera, analog auf [...]\" \/>\n<meta property=\"og:url\" content=\"https:\/\/the-7th-day.de\/blog\/hinter-jedem-bild-steckt-eine-geschichte\/\" \/>\n<meta property=\"og:site_name\" content=\"The 7th Day\" \/>\n<meta property=\"article:publisher\" content=\"https:\/\/www.facebook.com\/the7tday\" \/>\n<meta property=\"article:published_time\" content=\"2018-01-29T14:38:36+00:00\" \/>\n<meta property=\"article:modified_time\" content=\"2020-03-04T10:06:39+00:00\" \/>\n<meta property=\"og:image\" content=\"https:\/\/the-7th-day.de\/blog\/wp-content\/uploads\/2018\/01\/esen2.jpg\" \/>\n\t<meta property=\"og:image:width\" content=\"612\" \/>\n\t<meta property=\"og:image:height\" content=\"594\" \/>\n\t<meta property=\"og:image:type\" content=\"image\/jpeg\" \/>\n<meta name=\"author\" content=\"Patrick Zajfert\" \/>\n<meta name=\"twitter:card\" content=\"summary_large_image\" \/>\n<meta name=\"twitter:label1\" content=\"Verfasst von\" \/>\n\t<meta name=\"twitter:data1\" content=\"Patrick Zajfert\" \/>\n\t<meta name=\"twitter:label2\" content=\"Gesch\u00e4tzte Lesezeit\" \/>\n\t<meta name=\"twitter:data2\" content=\"1\u00a0Minute\" \/>\n<script type=\"application\/ld+json\" class=\"yoast-schema-graph\">{\"@context\":\"https:\/\/schema.org\",\"@graph\":[{\"@type\":\"Article\",\"@id\":\"https:\/\/the-7th-day.de\/blog\/hinter-jedem-bild-steckt-eine-geschichte\/#article\",\"isPartOf\":{\"@id\":\"https:\/\/the-7th-day.de\/blog\/hinter-jedem-bild-steckt-eine-geschichte\/\"},\"author\":{\"name\":\"Patrick Zajfert\",\"@id\":\"https:\/\/the-7th-day.de\/blog\/#\/schema\/person\/4b7ae4fc558a13ab330ab9aea92ae9a9\"},\"headline\":\"Hinter jedem Bild steckt eine Geschichte\",\"datePublished\":\"2018-01-29T14:38:36+00:00\",\"dateModified\":\"2020-03-04T10:06:39+00:00\",\"mainEntityOfPage\":{\"@id\":\"https:\/\/the-7th-day.de\/blog\/hinter-jedem-bild-steckt-eine-geschichte\/\"},\"wordCount\":279,\"publisher\":{\"@id\":\"https:\/\/the-7th-day.de\/blog\/#organization\"},\"image\":{\"@id\":\"https:\/\/the-7th-day.de\/blog\/hinter-jedem-bild-steckt-eine-geschichte\/#primaryimage\"},\"thumbnailUrl\":\"https:\/\/the-7th-day.de\/blog\/wp-content\/uploads\/2018\/01\/esen2.jpg\",\"articleSection\":[\"Der Zufall entscheidet\"],\"inLanguage\":\"de\"},{\"@type\":\"WebPage\",\"@id\":\"https:\/\/the-7th-day.de\/blog\/hinter-jedem-bild-steckt-eine-geschichte\/\",\"url\":\"https:\/\/the-7th-day.de\/blog\/hinter-jedem-bild-steckt-eine-geschichte\/\",\"name\":\"Hinter jedem Bild steckt eine Geschichte - The 7th Day\",\"isPartOf\":{\"@id\":\"https:\/\/the-7th-day.de\/blog\/#website\"},\"primaryImageOfPage\":{\"@id\":\"https:\/\/the-7th-day.de\/blog\/hinter-jedem-bild-steckt-eine-geschichte\/#primaryimage\"},\"image\":{\"@id\":\"https:\/\/the-7th-day.de\/blog\/hinter-jedem-bild-steckt-eine-geschichte\/#primaryimage\"},\"thumbnailUrl\":\"https:\/\/the-7th-day.de\/blog\/wp-content\/uploads\/2018\/01\/esen2.jpg\",\"datePublished\":\"2018-01-29T14:38:36+00:00\",\"dateModified\":\"2020-03-04T10:06:39+00:00\",\"breadcrumb\":{\"@id\":\"https:\/\/the-7th-day.de\/blog\/hinter-jedem-bild-steckt-eine-geschichte\/#breadcrumb\"},\"inLanguage\":\"de\",\"potentialAction\":[{\"@type\":\"ReadAction\",\"target\":[\"https:\/\/the-7th-day.de\/blog\/hinter-jedem-bild-steckt-eine-geschichte\/\"]}]},{\"@type\":\"ImageObject\",\"inLanguage\":\"de\",\"@id\":\"https:\/\/the-7th-day.de\/blog\/hinter-jedem-bild-steckt-eine-geschichte\/#primaryimage\",\"url\":\"https:\/\/the-7th-day.de\/blog\/wp-content\/uploads\/2018\/01\/esen2.jpg\",\"contentUrl\":\"https:\/\/the-7th-day.de\/blog\/wp-content\/uploads\/2018\/01\/esen2.jpg\",\"width\":612,\"height\":594,\"caption\":\"No 724 Jacqueline Esen M\u00fcnchen\"},{\"@type\":\"BreadcrumbList\",\"@id\":\"https:\/\/the-7th-day.de\/blog\/hinter-jedem-bild-steckt-eine-geschichte\/#breadcrumb\",\"itemListElement\":[{\"@type\":\"ListItem\",\"position\":1,\"name\":\"Front Page\",\"item\":\"https:\/\/the-7th-day.de\/blog\/\"},{\"@type\":\"ListItem\",\"position\":2,\"name\":\"Hinter jedem Bild steckt eine Geschichte\"}]},{\"@type\":\"WebSite\",\"@id\":\"https:\/\/the-7th-day.de\/blog\/#website\",\"url\":\"https:\/\/the-7th-day.de\/blog\/\",\"name\":\"The 7th Day\",\"description\":\"\",\"publisher\":{\"@id\":\"https:\/\/the-7th-day.de\/blog\/#organization\"},\"potentialAction\":[{\"@type\":\"SearchAction\",\"target\":{\"@type\":\"EntryPoint\",\"urlTemplate\":\"https:\/\/the-7th-day.de\/blog\/?s={search_term_string}\"},\"query-input\":{\"@type\":\"PropertyValueSpecification\",\"valueRequired\":true,\"valueName\":\"search_term_string\"}}],\"inLanguage\":\"de\"},{\"@type\":\"Organization\",\"@id\":\"https:\/\/the-7th-day.de\/blog\/#organization\",\"name\":\"The 7th Day\",\"url\":\"https:\/\/the-7th-day.de\/blog\/\",\"logo\":{\"@type\":\"ImageObject\",\"inLanguage\":\"de\",\"@id\":\"https:\/\/the-7th-day.de\/blog\/#\/schema\/logo\/image\/\",\"url\":\"https:\/\/the-7th-day.de\/blog\/wp-content\/uploads\/2025\/07\/7th-Day-logo-scaled.webp\",\"contentUrl\":\"https:\/\/the-7th-day.de\/blog\/wp-content\/uploads\/2025\/07\/7th-Day-logo-scaled.webp\",\"width\":2048,\"height\":506,\"caption\":\"The 7th Day\"},\"image\":{\"@id\":\"https:\/\/the-7th-day.de\/blog\/#\/schema\/logo\/image\/\"},\"sameAs\":[\"https:\/\/www.facebook.com\/the7tday\",\"https:\/\/www.instagram.com\/the7thday\/\",\"https:\/\/de.pinterest.com\/the7thdayGE\/\"]},{\"@type\":\"Person\",\"@id\":\"https:\/\/the-7th-day.de\/blog\/#\/schema\/person\/4b7ae4fc558a13ab330ab9aea92ae9a9\",\"name\":\"Patrick Zajfert\",\"image\":{\"@type\":\"ImageObject\",\"inLanguage\":\"de\",\"@id\":\"https:\/\/the-7th-day.de\/blog\/#\/schema\/person\/image\/\",\"url\":\"https:\/\/secure.gravatar.com\/avatar\/cb6e3434974f3c50d44f42b6facfba0c37e4e274d88e8285933eb653423a5b2f?s=96&d=mm&r=g\",\"contentUrl\":\"https:\/\/secure.gravatar.com\/avatar\/cb6e3434974f3c50d44f42b6facfba0c37e4e274d88e8285933eb653423a5b2f?s=96&d=mm&r=g\",\"caption\":\"Patrick Zajfert\"},\"url\":\"https:\/\/the-7th-day.de\/blog\/author\/master\/\"}]}<\/script>\n<!-- \/ Yoast SEO plugin. -->","yoast_head_json":{"title":"Hinter jedem Bild steckt eine Geschichte - The 7th Day","robots":{"index":"index","follow":"follow","max-snippet":"max-snippet:-1","max-image-preview":"max-image-preview:large","max-video-preview":"max-video-preview:-1"},"canonical":"https:\/\/the-7th-day.de\/blog\/hinter-jedem-bild-steckt-eine-geschichte\/","og_locale":"de_DE","og_type":"article","og_title":"Hinter jedem Bild steckt eine Geschichte - The 7th Day","og_description":"&#8222;Das k\u00f6nnte dir gefallen&#8220;, meinte Roland vor etwa einem Jahr und dr\u00fcckte mir eine Visitenkarte in die Hand. Darauf stand so etwas wie &#8222;Fotoprojekt&#8220; und irgendwas mit &#8222;Der siebte Tag&#8220;. Interessanten Tipps kann ich nur selten widerstehen, also ab ins Internet und nachgucken. Beim Projekt von Przemek Zajfert geht ums\u00a0Fotografieren mit einer Lochkamera, analog auf [...]","og_url":"https:\/\/the-7th-day.de\/blog\/hinter-jedem-bild-steckt-eine-geschichte\/","og_site_name":"The 7th Day","article_publisher":"https:\/\/www.facebook.com\/the7tday","article_published_time":"2018-01-29T14:38:36+00:00","article_modified_time":"2020-03-04T10:06:39+00:00","og_image":[{"width":612,"height":594,"url":"https:\/\/the-7th-day.de\/blog\/wp-content\/uploads\/2018\/01\/esen2.jpg","type":"image\/jpeg"}],"author":"Patrick Zajfert","twitter_card":"summary_large_image","twitter_misc":{"Verfasst von":"Patrick Zajfert","Gesch\u00e4tzte Lesezeit":"1\u00a0Minute"},"schema":{"@context":"https:\/\/schema.org","@graph":[{"@type":"Article","@id":"https:\/\/the-7th-day.de\/blog\/hinter-jedem-bild-steckt-eine-geschichte\/#article","isPartOf":{"@id":"https:\/\/the-7th-day.de\/blog\/hinter-jedem-bild-steckt-eine-geschichte\/"},"author":{"name":"Patrick Zajfert","@id":"https:\/\/the-7th-day.de\/blog\/#\/schema\/person\/4b7ae4fc558a13ab330ab9aea92ae9a9"},"headline":"Hinter jedem Bild steckt eine Geschichte","datePublished":"2018-01-29T14:38:36+00:00","dateModified":"2020-03-04T10:06:39+00:00","mainEntityOfPage":{"@id":"https:\/\/the-7th-day.de\/blog\/hinter-jedem-bild-steckt-eine-geschichte\/"},"wordCount":279,"publisher":{"@id":"https:\/\/the-7th-day.de\/blog\/#organization"},"image":{"@id":"https:\/\/the-7th-day.de\/blog\/hinter-jedem-bild-steckt-eine-geschichte\/#primaryimage"},"thumbnailUrl":"https:\/\/the-7th-day.de\/blog\/wp-content\/uploads\/2018\/01\/esen2.jpg","articleSection":["Der Zufall entscheidet"],"inLanguage":"de"},{"@type":"WebPage","@id":"https:\/\/the-7th-day.de\/blog\/hinter-jedem-bild-steckt-eine-geschichte\/","url":"https:\/\/the-7th-day.de\/blog\/hinter-jedem-bild-steckt-eine-geschichte\/","name":"Hinter jedem Bild steckt eine Geschichte - The 7th Day","isPartOf":{"@id":"https:\/\/the-7th-day.de\/blog\/#website"},"primaryImageOfPage":{"@id":"https:\/\/the-7th-day.de\/blog\/hinter-jedem-bild-steckt-eine-geschichte\/#primaryimage"},"image":{"@id":"https:\/\/the-7th-day.de\/blog\/hinter-jedem-bild-steckt-eine-geschichte\/#primaryimage"},"thumbnailUrl":"https:\/\/the-7th-day.de\/blog\/wp-content\/uploads\/2018\/01\/esen2.jpg","datePublished":"2018-01-29T14:38:36+00:00","dateModified":"2020-03-04T10:06:39+00:00","breadcrumb":{"@id":"https:\/\/the-7th-day.de\/blog\/hinter-jedem-bild-steckt-eine-geschichte\/#breadcrumb"},"inLanguage":"de","potentialAction":[{"@type":"ReadAction","target":["https:\/\/the-7th-day.de\/blog\/hinter-jedem-bild-steckt-eine-geschichte\/"]}]},{"@type":"ImageObject","inLanguage":"de","@id":"https:\/\/the-7th-day.de\/blog\/hinter-jedem-bild-steckt-eine-geschichte\/#primaryimage","url":"https:\/\/the-7th-day.de\/blog\/wp-content\/uploads\/2018\/01\/esen2.jpg","contentUrl":"https:\/\/the-7th-day.de\/blog\/wp-content\/uploads\/2018\/01\/esen2.jpg","width":612,"height":594,"caption":"No 724 Jacqueline Esen M\u00fcnchen"},{"@type":"BreadcrumbList","@id":"https:\/\/the-7th-day.de\/blog\/hinter-jedem-bild-steckt-eine-geschichte\/#breadcrumb","itemListElement":[{"@type":"ListItem","position":1,"name":"Front Page","item":"https:\/\/the-7th-day.de\/blog\/"},{"@type":"ListItem","position":2,"name":"Hinter jedem Bild steckt eine Geschichte"}]},{"@type":"WebSite","@id":"https:\/\/the-7th-day.de\/blog\/#website","url":"https:\/\/the-7th-day.de\/blog\/","name":"The 7th Day","description":"","publisher":{"@id":"https:\/\/the-7th-day.de\/blog\/#organization"},"potentialAction":[{"@type":"SearchAction","target":{"@type":"EntryPoint","urlTemplate":"https:\/\/the-7th-day.de\/blog\/?s={search_term_string}"},"query-input":{"@type":"PropertyValueSpecification","valueRequired":true,"valueName":"search_term_string"}}],"inLanguage":"de"},{"@type":"Organization","@id":"https:\/\/the-7th-day.de\/blog\/#organization","name":"The 7th Day","url":"https:\/\/the-7th-day.de\/blog\/","logo":{"@type":"ImageObject","inLanguage":"de","@id":"https:\/\/the-7th-day.de\/blog\/#\/schema\/logo\/image\/","url":"https:\/\/the-7th-day.de\/blog\/wp-content\/uploads\/2025\/07\/7th-Day-logo-scaled.webp","contentUrl":"https:\/\/the-7th-day.de\/blog\/wp-content\/uploads\/2025\/07\/7th-Day-logo-scaled.webp","width":2048,"height":506,"caption":"The 7th Day"},"image":{"@id":"https:\/\/the-7th-day.de\/blog\/#\/schema\/logo\/image\/"},"sameAs":["https:\/\/www.facebook.com\/the7tday","https:\/\/www.instagram.com\/the7thday\/","https:\/\/de.pinterest.com\/the7thdayGE\/"]},{"@type":"Person","@id":"https:\/\/the-7th-day.de\/blog\/#\/schema\/person\/4b7ae4fc558a13ab330ab9aea92ae9a9","name":"Patrick Zajfert","image":{"@type":"ImageObject","inLanguage":"de","@id":"https:\/\/the-7th-day.de\/blog\/#\/schema\/person\/image\/","url":"https:\/\/secure.gravatar.com\/avatar\/cb6e3434974f3c50d44f42b6facfba0c37e4e274d88e8285933eb653423a5b2f?s=96&d=mm&r=g","contentUrl":"https:\/\/secure.gravatar.com\/avatar\/cb6e3434974f3c50d44f42b6facfba0c37e4e274d88e8285933eb653423a5b2f?s=96&d=mm&r=g","caption":"Patrick Zajfert"},"url":"https:\/\/the-7th-day.de\/blog\/author\/master\/"}]}},"_links":{"self":[{"href":"https:\/\/the-7th-day.de\/blog\/wp-json\/wp\/v2\/posts\/1798","targetHints":{"allow":["GET"]}}],"collection":[{"href":"https:\/\/the-7th-day.de\/blog\/wp-json\/wp\/v2\/posts"}],"about":[{"href":"https:\/\/the-7th-day.de\/blog\/wp-json\/wp\/v2\/types\/post"}],"author":[{"embeddable":true,"href":"https:\/\/the-7th-day.de\/blog\/wp-json\/wp\/v2\/users\/1"}],"replies":[{"embeddable":true,"href":"https:\/\/the-7th-day.de\/blog\/wp-json\/wp\/v2\/comments?post=1798"}],"version-history":[{"count":5,"href":"https:\/\/the-7th-day.de\/blog\/wp-json\/wp\/v2\/posts\/1798\/revisions"}],"predecessor-version":[{"id":1813,"href":"https:\/\/the-7th-day.de\/blog\/wp-json\/wp\/v2\/posts\/1798\/revisions\/1813"}],"wp:featuredmedia":[{"embeddable":true,"href":"https:\/\/the-7th-day.de\/blog\/wp-json\/wp\/v2\/media\/1799"}],"wp:attachment":[{"href":"https:\/\/the-7th-day.de\/blog\/wp-json\/wp\/v2\/media?parent=1798"}],"wp:term":[{"taxonomy":"category","embeddable":true,"href":"https:\/\/the-7th-day.de\/blog\/wp-json\/wp\/v2\/categories?post=1798"},{"taxonomy":"post_tag","embeddable":true,"href":"https:\/\/the-7th-day.de\/blog\/wp-json\/wp\/v2\/tags?post=1798"}],"curies":[{"name":"wp","href":"https:\/\/api.w.org\/{rel}","templated":true}]}}